{"id":14,"date":"2015-01-02T22:36:43","date_gmt":"2015-01-02T22:36:43","guid":{"rendered":"http:\/\/www.stop-fracking-kiel.de\/wordpress\/?p=14"},"modified":"2015-01-15T21:54:15","modified_gmt":"2015-01-15T21:54:15","slug":"veranstaltung-do-22-01-2015","status":"publish","type":"post","link":"http:\/\/www.stop-fracking-kiel.de\/wordpress\/?p=14","title":{"rendered":"Veranstaltung: Do., 22.01.2015"},"content":{"rendered":"<p><b>\u00d6lf\u00f6rderung und Fracking in Kiel und Umgebung<br \/>\n\u2013\u00a0Was erwartet uns?<\/b><\/p>\n<p><b>Do., 22.1.2015, 19 Uhr, Die Pumpe, Ha\u00dfstr. 22, Gruppenraum 2<\/b><\/p>\n<p>Vor dem Hintergrund begrenzter \u00d6lvorkommen und bis vor kurzem stark steigender \u00d6lpreise ist Schleswig-Holstein wegen seiner \u00d6lvorkommen f\u00fcr Firmen attraktiv geworden.<\/p>\n<p>Von dieser Situation ist auch der Gro\u00dfraum Kiel voll betroffen: Der kanadische Konzern PRD Energie hat eine Aufsuchungserlaubnis f\u00fcr das Feld Gettorf, in dem das gesamte Kieler Westufer liegt. N\u00f6rdlich davon wurde RWE Dea die Lizenz f\u00fcr das Bewilligungsfeld Schwedeneck erteilt, w\u00e4hrend der Kieler Osten von den Bewilligungsfeldern Prasdorf und Preetz betroffen ist.<\/p>\n<p>\u00dcber 200 schleswig-holsteinische Kommunen haben mittlerweile beim Landesbergamt gegen die Aufsuchungserlaubnisse und Bewilligungen Widerspruch eingereicht.<\/p>\n<p>Auf der Veranstaltung wollen wir u.a. die folgenden Fragen kl\u00e4ren:<\/p>\n<ul>\n<li>Welche Gefahren f\u00fcr Mensch und Umwelt birgt die \u00d6lf\u00f6rderung, insbesondere bei Anwendung von Fracking?<\/li>\n<li>Was ist davon zu halten, wenn die Konzerne behaupten, sie wollten gar nicht fracken?<\/li>\n<li>Welche M\u00f6glichkeiten haben die Kommunen, eine \u00d6lf\u00f6rderung und Fracking auf ihrem Gebiet zu verhindern?<\/li>\n<li>Welche Hintergr\u00fcnde und Auswirkungen haben die derzeit sinkenden \u00d6lpreise und die Erh\u00f6hung des F\u00f6rderzinses auf 40%?<\/li>\n<li>Warum ist weiterhin dringend Widerstand notwendig, auch wenn PRD Energie und RWE Dea momentan ihre Aktivit\u00e4ten ruhen\u00a0 lassen?<\/li>\n<li>Wie kann der Widerstand aussehen?<\/li>\n<\/ul>\n<p>Um diese Fragen soll es in dem Vortrag des Anti-Fracking-Aktivisten Dr. Reinhard Knof (Chemiker und Geologe) gehen.<br \/>\nZur anschlie\u00dfenden Diskussion laden wir alle herzlich ein.<\/p>\n<p><b>Veranstalter:<br \/>\n<\/b>Aktionsgemeinschaft &#8222;Stoppt Fracking im Gro\u00dfraum Kiel &#8211; f\u00fcr eine postfossile Zukunft&#8220;\u00a0mit Unterst\u00fctzung von attac-Kiel<\/p>\n<p><a title=\"Aktionen\/Ziele\" href=\"http:\/\/www.stop-fracking-kiel.de\/wordpress\/?page_id=43\">MEHR HINTERGRUNDINFOS HIER<\/a><\/p>\n","protected":false},"excerpt":{"rendered":"<p>\u00d6lf\u00f6rderung und Fracking in Kiel und Umgebung \u2013\u00a0Was erwartet uns? Do., 22.1.2015, 19 Uhr, Die Pumpe, Ha\u00dfstr. 22, Gruppenraum 2 Vor dem Hintergrund begrenzter \u00d6lvorkommen und bis vor kurzem stark steigender \u00d6lpreise ist Schleswig-Holstein wegen seiner \u00d6lvorkommen f\u00fcr Firmen attraktiv geworden. Von dieser Situation ist auch der Gro\u00dfraum Kiel voll betroffen: Der kanadische Konzern PRD <a href='http:\/\/www.stop-fracking-kiel.de\/wordpress\/?p=14' class='excerpt-more'>[&#8230;]<\/a><\/p>\n","protected":false},"author":1,"featured_media":0,"comment_status":"closed","ping_status":"open","sticky":false,"template":"","format":"standard","meta":{"footnotes":""},"categories":[3],"tags":[],"class_list":["post-14","post","type-post","status-publish","format-standard","hentry","category-veranstaltung","category-3-id","post-seq-1","post-parity-odd","meta-position-corners","fix"],"_links":{"self":[{"href":"http:\/\/www.stop-fracking-kiel.de\/wordpress\/index.php?rest_route=\/wp\/v2\/posts\/14","targetHints":{"allow":["GET"]}}],"collection":[{"href":"http:\/\/www.stop-fracking-kiel.de\/wordpress\/index.php?rest_route=\/wp\/v2\/posts"}],"about":[{"href":"http:\/\/www.stop-fracking-kiel.de\/wordpress\/index.php?rest_route=\/wp\/v2\/types\/post"}],"author":[{"embeddable":true,"href":"http:\/\/www.stop-fracking-kiel.de\/wordpress\/index.php?rest_route=\/wp\/v2\/users\/1"}],"replies":[{"embeddable":true,"href":"http:\/\/www.stop-fracking-kiel.de\/wordpress\/index.php?rest_route=%2Fwp%2Fv2%2Fcomments&post=14"}],"version-history":[{"count":4,"href":"http:\/\/www.stop-fracking-kiel.de\/wordpress\/index.php?rest_route=\/wp\/v2\/posts\/14\/revisions"}],"predecessor-version":[{"id":168,"href":"http:\/\/www.stop-fracking-kiel.de\/wordpress\/index.php?rest_route=\/wp\/v2\/posts\/14\/revisions\/168"}],"wp:attachment":[{"href":"http:\/\/www.stop-fracking-kiel.de\/wordpress\/index.php?rest_route=%2Fwp%2Fv2%2Fmedia&parent=14"}],"wp:term":[{"taxonomy":"category","embeddable":true,"href":"http:\/\/www.stop-fracking-kiel.de\/wordpress\/index.php?rest_route=%2Fwp%2Fv2%2Fcategories&post=14"},{"taxonomy":"post_tag","embeddable":true,"href":"http:\/\/www.stop-fracking-kiel.de\/wordpress\/index.php?rest_route=%2Fwp%2Fv2%2Ftags&post=14"}],"curies":[{"name":"wp","href":"https:\/\/api.w.org\/{rel}","templated":true}]}}