{"id":235,"date":"2015-02-23T10:16:50","date_gmt":"2015-02-23T10:16:50","guid":{"rendered":"http:\/\/www.stop-fracking-kiel.de\/wordpress\/?p=235"},"modified":"2015-02-23T15:56:18","modified_gmt":"2015-02-23T15:56:18","slug":"bayrische-fracking-gegner-gehen-rechtlichen-weg-2","status":"publish","type":"post","link":"http:\/\/www.stop-fracking-kiel.de\/wordpress\/?p=235","title":{"rendered":"Fracking-Gegner gehen rechtlichen Weg"},"content":{"rendered":"<p>BAYERN<\/p>\n<p>Das B\u00fcndnis &#8222;Abgefrackt-Weidener Becken gegen Fracking&#8220; hat am letzten Freitag (20.2.) beschlossen, rechtliche Schritte gegen die geplante Erdgassuche der Rose Petroleum einzuleiten. Das B\u00fcndnis beruft sich dabei auf die UN-Aarhus-Konvention. Dieser v\u00f6lkerrechtliche Vertrag wurde 1998 von \u00fcber 40 Nationen (darunter die BRD) unterzeichnet und r\u00e4umt jeder Person Rechte hinsichtlich des Umweltschutzes ein. Au\u00dferdem st\u00e4rkt er die Position von Umweltschutzorganisationen vor den Gerichten (\u00a0 <a href=\"http:\/\/www.aarhus-konvention.de\/\" target=\"_blank\">http:\/\/www.aarhus-konvention.de\/<\/a> )<\/p>\n<p>Unterst\u00fctzung erhalten die Abfracker von den bayrischen Gr\u00fcnen. Deren Vorsitzender, Eike Hollitzky, weist darauf hin, dass die Behauptung der Staatsregierung, in Bayern sei Fracking verboten, in klarem Widerspruch zur Claim-Verteilung an Gas-Firmen st\u00fcnde. &#8222;Die Bev\u00f6lkerung wird verarscht.&#8220;, so Hollitzkys Gesamteinsch\u00e4tzung.<\/p>\n<p>Bei solch\u00b4 klaren Worten eines Gr\u00fcnen-Politikers k\u00f6nnen wir schleswig-holsteinischen Fracking-GegnerInnen schon mal neidisch werden, denn bei uns verteilen die Gr\u00fcnen bekanntlich zusammen mit ihrem gro\u00dfindustrie-freundlichen Koalitionspartner die Claims &#8230;<\/p>\n<p>Link zur Artikel &#8222;Fracking-Gegner gehen rechtlichen Weg&#8220; in der &#8222;Franken-Post&#8220;:<\/p>\n<p><a href=\"http:\/\/www.frankenpost.de\/lokal\/fichtelgebirge\/marktredwitz\/Fracking-Gegner-gehen-rechtlichen-Weg;art2442,3913892\" target=\"_blank\">http:\/\/www.frankenpost.de\/lokal\/fichtelgebirge\/marktredwitz\/Fracking-Gegner-gehen-rechtlichen-Weg;art2442,3913892<\/a><\/p>\n<p>&nbsp;<\/p>\n<p>SCHLESWIG-HOLSTEIN<\/p>\n<p>Auch in Schleswig-Holstein unternehmen Fracking-Gegner in diesem Monat rechtliche Schritte. Hier sind es allerdings Kommunen, die sich entschlossen haben, das Land zu verklagen, nachdem ihr Widerspruch gegen die Aufsuchungserlaubnis von PRD Energy vom Landesbergamt (LBEG) abschl\u00e4gig beschieden wurde. Zu den Kommunen geh\u00f6rt Schwarzenbek, G\u00fclzow und Kommunen des Amtes Hohe Elbgeest.<\/p>\n<p>Link zum Artikel in der &#8222;Bergedorfer Zeitung&#8220;:<\/p>\n<p><a href=\"http:\/\/www.bergedorfer-zeitung.de\/printarchiv\/schwarzenbek\/article136929575\/Stadt-klagt-und-will-auch-neues-Gesetz.html\">http:\/\/www.bergedorfer-zeitung.de\/printarchiv\/schwarzenbek\/article136929575\/Stadt-klagt-und-will-auch-neues-Gesetz.html<\/a><\/p>\n","protected":false},"excerpt":{"rendered":"<p>BAYERN Das B\u00fcndnis &#8222;Abgefrackt-Weidener Becken gegen Fracking&#8220; hat am letzten Freitag (20.2.) beschlossen, rechtliche Schritte gegen die geplante Erdgassuche der Rose Petroleum einzuleiten. Das B\u00fcndnis beruft sich dabei auf die UN-Aarhus-Konvention. Dieser v\u00f6lkerrechtliche Vertrag wurde 1998 von \u00fcber 40 Nationen (darunter die BRD) unterzeichnet und r\u00e4umt jeder Person Rechte hinsichtlich des Umweltschutzes ein. Au\u00dferdem st\u00e4rkt <a href='http:\/\/www.stop-fracking-kiel.de\/wordpress\/?p=235' class='excerpt-more'>[&#8230;]<\/a><\/p>\n","protected":false},"author":1,"featured_media":0,"comment_status":"closed","ping_status":"closed","sticky":false,"template":"","format":"standard","meta":{"footnotes":""},"categories":[1],"tags":[],"class_list":["post-235","post","type-post","status-publish","format-standard","hentry","category-allgemein","category-1-id","post-seq-1","post-parity-odd","meta-position-corners","fix"],"_links":{"self":[{"href":"http:\/\/www.stop-fracking-kiel.de\/wordpress\/index.php?rest_route=\/wp\/v2\/posts\/235","targetHints":{"allow":["GET"]}}],"collection":[{"href":"http:\/\/www.stop-fracking-kiel.de\/wordpress\/index.php?rest_route=\/wp\/v2\/posts"}],"about":[{"href":"http:\/\/www.stop-fracking-kiel.de\/wordpress\/index.php?rest_route=\/wp\/v2\/types\/post"}],"author":[{"embeddable":true,"href":"http:\/\/www.stop-fracking-kiel.de\/wordpress\/index.php?rest_route=\/wp\/v2\/users\/1"}],"replies":[{"embeddable":true,"href":"http:\/\/www.stop-fracking-kiel.de\/wordpress\/index.php?rest_route=%2Fwp%2Fv2%2Fcomments&post=235"}],"version-history":[{"count":4,"href":"http:\/\/www.stop-fracking-kiel.de\/wordpress\/index.php?rest_route=\/wp\/v2\/posts\/235\/revisions"}],"predecessor-version":[{"id":255,"href":"http:\/\/www.stop-fracking-kiel.de\/wordpress\/index.php?rest_route=\/wp\/v2\/posts\/235\/revisions\/255"}],"wp:attachment":[{"href":"http:\/\/www.stop-fracking-kiel.de\/wordpress\/index.php?rest_route=%2Fwp%2Fv2%2Fmedia&parent=235"}],"wp:term":[{"taxonomy":"category","embeddable":true,"href":"http:\/\/www.stop-fracking-kiel.de\/wordpress\/index.php?rest_route=%2Fwp%2Fv2%2Fcategories&post=235"},{"taxonomy":"post_tag","embeddable":true,"href":"http:\/\/www.stop-fracking-kiel.de\/wordpress\/index.php?rest_route=%2Fwp%2Fv2%2Ftags&post=235"}],"curies":[{"name":"wp","href":"https:\/\/api.w.org\/{rel}","templated":true}]}}