{"id":396,"date":"2015-09-03T18:45:45","date_gmt":"2015-09-03T18:45:45","guid":{"rendered":"http:\/\/www.stop-fracking-kiel.de\/wordpress\/?p=396"},"modified":"2016-01-26T22:20:54","modified_gmt":"2016-01-26T22:20:54","slug":"veranstaltung-oelfoerderung-im-schwedeneck","status":"publish","type":"post","link":"http:\/\/www.stop-fracking-kiel.de\/wordpress\/?p=396","title":{"rendered":"Veranstaltung &#8222;\u00d6lf\u00f6rderung im Schwedeneck&#8220; erfolgreich"},"content":{"rendered":"<div id=\"attachment_401\" style=\"width: 242px\" class=\"wp-caption alignleft\"><a href=\"http:\/\/www.stop-fracking-kiel.de\/wordpress\/wp-content\/uploads\/2015\/09\/Dietmar_Goetz.jpg\"><img loading=\"lazy\" decoding=\"async\" aria-describedby=\"caption-attachment-401\" class=\"size-full wp-image-401\" src=\"http:\/\/www.stop-fracking-kiel.de\/wordpress\/wp-content\/uploads\/2015\/09\/Dietmar_Goetz.jpg\" alt=\"Quelle: KN 5.9.2015\" width=\"232\" height=\"334\" srcset=\"http:\/\/www.stop-fracking-kiel.de\/wordpress\/wp-content\/uploads\/2015\/09\/Dietmar_Goetz.jpg 232w, http:\/\/www.stop-fracking-kiel.de\/wordpress\/wp-content\/uploads\/2015\/09\/Dietmar_Goetz-208x300.jpg 208w\" sizes=\"auto, (max-width: 232px) 100vw, 232px\" \/><\/a><p id=\"caption-attachment-401\" class=\"wp-caption-text\">Quelle: KN 5.9.2015<\/p><\/div>\n<p>Unsere <strong>Informationsveranstaltung am 3. September 2015<\/strong> zum Thema\u00a0 \u201e\u00d6lf\u00f6rderung im Schwedeneck \u2013 Was erwartet uns \u2013 wie k\u00f6nnen wir es verhindern?\u201c war mit einem vollen Saal (ca. 110 Teilnehmern) in Binges Gasthof in Surendorf sehr erfolgreich. Obwohl es kurzfristig ein\u00a0Probleme gab, weil unser Referent Siegfried Sensch wegen eines Unfalls ausgefiel, konnte auf die Schnelle der Geologe Dr. Dietmar Goetz aus Hamburg einspringen.<\/p>\n<p>Alle Referenten, Dietmar Goetz, Patrick Breyer und Jutta Walter einschlie\u00dflich des Schwedenecker B\u00fcrgermeisters Gustav Otto Jonas haben durch ihre Beitr\u00e4ge begeistert und zur Diskussion angeregt, die kaum ein Ende finden wollte. Auch Vertreter von anderen B\u00fcrgerinitiativen gegen Fracking waren anwesend, insbesondere aus Angeln, dem n\u00f6rdlichen Schleswig-Holstein, sowie aus Prasdorf und dem Auenland. Mindestens 30 TeilnehmerInnen kamen direkt aus Schwedeneck und der gr\u00f6\u00dfte Teil war aus der Region D\u00e4nischer Wohld.<\/p>\n<p>Einen Bericht \u00fcber die Veranstaltung gab es am 5.9. in den KN (Eckernf\u00f6rder Nachrichten) &#8222;Widerstand gegen Fracking w\u00e4chst \u2013 Auch in Schwedeneck will sich eine Initative gr\u00fcnden&#8220; von Cornelia M\u00fcller. In dem Artikel wird auch der B\u00fcrgermeister Jonas zitiert, der auf die Kritik reagierte, dass nur wenige Gemeindevertreter aus Schwedeneck und Strande anwesend waren und erkl\u00e4rte:<\/p>\n<blockquote><p>\u201eEs reicht, \u2026 Dea hat auf kein Schreiben unserer Gemeinde reagiert, was sie hier wirklich plant und ob sie ihren Bewilligungsbescheid bis 2017 nutzen will. \u00d6lf\u00f6rderung passt nicht zur Energiewende. Und Fracking, falls es eingesetzt w\u00fcrde, lehne ich wegen der Risiken ab. Ich will jetzt h\u00f6ren, was wir vor Ort machen k\u00f6nnen. Und ich erwarte glaubw\u00fcrdiges Bergrecht.\u201c<\/p><\/blockquote>\n<p>Zum Zeitpunkt der Veranstaltung sollte noch 2015 ein neues Bundesgesetz zum Bergrecht verabschiedet werden, von dem nicht zu erwarten war, dass es ein Frackingverbot und schon gar nicht ein Verbot von \u00d6lf\u00f6rderung beinhaltet. Daher war es klar, dass es nicht nur um ein Aussch\u00f6pfen s\u00e4mtlicher rechtlichen M\u00f6glichkeiten, sondern auch um aktiven Widerstand gegen Fracking und \u00d6lf\u00f6rderung geht, wozu eine B\u00fcrgerinitiative vor Ort dringend n\u00f6tig ist.<\/p>\n<p>Patrick Breyer, Mitglied der Piratenpartei im Landtag, informierte in dem Zusammenhang \u00fcber eine schleswig-holsteinische Gesetzesinitiative zum Wasserschutz. Insbesondere wenn absehbar ist, dass auf Bundesebene nicht mit einem Frackingverbot zu rechnen ist und die Frage der \u00d6lf\u00f6rderung au\u00dfen vor bleibt, wird hier die Notwendigkeit einer Volksinitiative dringend.<\/p>\n<p>\u00dcber naturschutzfachliche Bedenken im Zusammenhang mit den Natura 2000-Gebieten und den FFH-Gebieten im Schwedeneck berichtete ausf\u00fchrlich Jutta Walter, Biologin, Aktivistin der BI Prasdorf und Mitglied der Kieler Aktionsgemeinschaft und dokumentierte damit eindeutig, dass die Genehmigung des LBEG gegen bestehendes Recht, u.a. EU-Recht, verst\u00f6\u00dft.<\/p>\n<p>Ein spontaner Scetch der Theatergruppe aus Prasdorf kam gleich zu Beginn der Veranstaltung gut an und brachte Stimmung in den Saal. Von der Probsteier Initiative wurde dem B\u00fcrgermeister ein gelber Stuhl \u00fcberreicht mit dem Motto \u201eKein Platz f\u00fcr Fracking\u201c.<\/p>\n<p>Am Ende der Veranstaltung hatten sich 30 Schwedenecker in eine Liste eingetragen, die\u00a0 gegen \u00d6lf\u00f6rderung in Schwedeneck aktiv werden wollen. Der B\u00fcrgermeister erkl\u00e4rte daraufhin, dass er bei so viel Begeisterung der Anwesenden den Widerstand in Schwedeneck jetzt selbst in die Hand nehmen will und wir haben ihm unsere tatkr\u00e4ftige Unterst\u00fctzung zugesichert.<\/p>\n<p>Ein erstes Treffen gab es bereits am 27.10.2015 im Schwedeneck auf dem neben den aktiven Schwedeneckern auch Siegfried Sensch (B\u00fcrgerinitiative frackingfreies Auenland) und Reinhard Knof anwesend waren.<\/p>\n<p>Die offizielle <strong>Gr\u00fcndungsversammlung der B\u00fcrgerinitiative \u201eH\u00e4nde weg von Schwedeneck\u201c<\/strong> soll\u00a0am <strong>25. Januar 2016<\/strong> um 19.30 Uhr auf Gut Hohenhain stattfinden.<\/p>\n<p>In soweit ist das Ziel unserer Veranstaltung erreicht und wir freuen uns \u00fcber die Aktivit\u00e4ten der Schwedenecker B\u00fcrgerinitiative, die demn\u00e4chst mit einem eigenen Flugblatt und Internetseite auftreten wird.<\/p>\n<p><a title=\"Eckernf\u00f6rder Zeitung am 5.9.2015\" href=\"http:\/\/www.stop-fracking-kiel.de\/wordpress\/wp-content\/uploads\/2015\/09\/KN_5.9.2015.jpg\" target=\"_blank\">Bericht Eckernf\u00f6rder Zeitung\/KN 5.9.2015<\/a><\/p>\n","protected":false},"excerpt":{"rendered":"<p>Unsere Informationsveranstaltung am 3. September 2015 zum Thema\u00a0 \u201e\u00d6lf\u00f6rderung im Schwedeneck \u2013 Was erwartet uns \u2013 wie k\u00f6nnen wir es verhindern?\u201c war mit einem vollen Saal (ca. 110 Teilnehmern) in Binges Gasthof in Surendorf sehr erfolgreich. Obwohl es kurzfristig ein\u00a0Probleme gab, weil unser Referent Siegfried Sensch wegen eines Unfalls ausgefiel, konnte auf die Schnelle der <a href='http:\/\/www.stop-fracking-kiel.de\/wordpress\/?p=396' class='excerpt-more'>[&#8230;]<\/a><\/p>\n","protected":false},"author":1,"featured_media":0,"comment_status":"closed","ping_status":"closed","sticky":false,"template":"","format":"standard","meta":{"footnotes":""},"categories":[1,3],"tags":[],"class_list":["post-396","post","type-post","status-publish","format-standard","hentry","category-allgemein","category-veranstaltung","category-1-id","category-3-id","post-seq-1","post-parity-odd","meta-position-corners","fix"],"_links":{"self":[{"href":"http:\/\/www.stop-fracking-kiel.de\/wordpress\/index.php?rest_route=\/wp\/v2\/posts\/396","targetHints":{"allow":["GET"]}}],"collection":[{"href":"http:\/\/www.stop-fracking-kiel.de\/wordpress\/index.php?rest_route=\/wp\/v2\/posts"}],"about":[{"href":"http:\/\/www.stop-fracking-kiel.de\/wordpress\/index.php?rest_route=\/wp\/v2\/types\/post"}],"author":[{"embeddable":true,"href":"http:\/\/www.stop-fracking-kiel.de\/wordpress\/index.php?rest_route=\/wp\/v2\/users\/1"}],"replies":[{"embeddable":true,"href":"http:\/\/www.stop-fracking-kiel.de\/wordpress\/index.php?rest_route=%2Fwp%2Fv2%2Fcomments&post=396"}],"version-history":[{"count":8,"href":"http:\/\/www.stop-fracking-kiel.de\/wordpress\/index.php?rest_route=\/wp\/v2\/posts\/396\/revisions"}],"predecessor-version":[{"id":412,"href":"http:\/\/www.stop-fracking-kiel.de\/wordpress\/index.php?rest_route=\/wp\/v2\/posts\/396\/revisions\/412"}],"wp:attachment":[{"href":"http:\/\/www.stop-fracking-kiel.de\/wordpress\/index.php?rest_route=%2Fwp%2Fv2%2Fmedia&parent=396"}],"wp:term":[{"taxonomy":"category","embeddable":true,"href":"http:\/\/www.stop-fracking-kiel.de\/wordpress\/index.php?rest_route=%2Fwp%2Fv2%2Fcategories&post=396"},{"taxonomy":"post_tag","embeddable":true,"href":"http:\/\/www.stop-fracking-kiel.de\/wordpress\/index.php?rest_route=%2Fwp%2Fv2%2Ftags&post=396"}],"curies":[{"name":"wp","href":"https:\/\/api.w.org\/{rel}","templated":true}]}}