{"id":425,"date":"2016-02-14T21:42:19","date_gmt":"2016-02-14T21:42:19","guid":{"rendered":"http:\/\/www.stop-fracking-kiel.de\/wordpress\/?p=425"},"modified":"2016-02-14T21:46:44","modified_gmt":"2016-02-14T21:46:44","slug":"22-maerz-tag-des-wassers-im-lutterbeker","status":"publish","type":"post","link":"http:\/\/www.stop-fracking-kiel.de\/wordpress\/?p=425","title":{"rendered":"22. M\u00e4rz: \u201eTag des Wassers\u201c im Lutterbeker"},"content":{"rendered":"<p><a href=\"http:\/\/www.stop-fracking-kiel.de\/wordpress\/wp-content\/uploads\/2016\/02\/Tag-des-Wassers2016.jpg\"><img loading=\"lazy\" decoding=\"async\" class=\"alignleft size-medium wp-image-426\" src=\"http:\/\/www.stop-fracking-kiel.de\/wordpress\/wp-content\/uploads\/2016\/02\/Tag-des-Wassers2016-212x300.jpg\" alt=\"Tag-des-Wassers2016\" width=\"212\" height=\"300\" srcset=\"http:\/\/www.stop-fracking-kiel.de\/wordpress\/wp-content\/uploads\/2016\/02\/Tag-des-Wassers2016-212x300.jpg 212w, http:\/\/www.stop-fracking-kiel.de\/wordpress\/wp-content\/uploads\/2016\/02\/Tag-des-Wassers2016.jpg 500w\" sizes=\"auto, (max-width: 212px) 100vw, 212px\" \/><\/a>Leben ohne Wasser geht nicht. Ganz selbstverst\u00e4ndlich verbrauchen, nutzen und konsumieren wir dieses kostbare Gut. Stets untersucht und gepr\u00fcft , steht es f\u00fcr unsere Bed\u00fcrfnisse bereit. Aber wie sicher ist unser erstes Lebensmittel in der Tiefe? Geplante und durchgef\u00fchrte \u00d6l-Bohrungen in unseren Regionen rufen Besorgnis hervor.<\/p>\n<p>Am <b>22. M\u00e4rz 2016<\/b> findet weltweit der \u201eTag des Wassers\u201c statt. Die B\u00fcrgerinitiative Frackingfreie Probstei nimmt dies zum Anlass und l\u00e4dt an dem Tagum <b>19.00 Uhr<\/b> zu einer Veranstaltung in den <b>\u201eLutterbeker\u201c\u00a0<\/b>in der Dorfstra\u00dfe 11, 24235 Lutterbek ein.<\/p>\n<p>Fragen wie<\/p>\n<p>&#8211; Welche Beeintr\u00e4chtigungen des Wassers drohen durch \u00d6lbohren?<br \/>\n&#8211; Bietet der Bundesgesetzentwurf zum Fracking einen Schutz f\u00fcr unsere Situation in Schleswig-Holstein?<br \/>\n&#8211; Wie k\u00f6nnten sich die geplanten \u201eHandelsabkommen\u201c CETA und TTIP auswirken? Und<br \/>\n&#8211; Wie kann das Landeswassergesetz ver\u00e4ndert werden, um besser gegen Bedrohungen durch \u00d6lbohren zu sch\u00fctzen?<\/p>\n<p>beantworten der Geologe Dr. Dietmar G\u00f6tz und der Landtagsabgeordnete Dr. Patrick Breyer.\u00a0Danach ist Zeit f\u00fcr Fragen aus dem Publikum und zur Diskussion.<\/p>\n","protected":false},"excerpt":{"rendered":"<p>Leben ohne Wasser geht nicht. Ganz selbstverst\u00e4ndlich verbrauchen, nutzen und konsumieren wir dieses kostbare Gut. Stets untersucht und gepr\u00fcft , steht es f\u00fcr unsere Bed\u00fcrfnisse bereit. Aber wie sicher ist unser erstes Lebensmittel in der Tiefe? Geplante und durchgef\u00fchrte \u00d6l-Bohrungen in unseren Regionen rufen Besorgnis hervor. Am 22. M\u00e4rz 2016 findet weltweit der \u201eTag des <a href='http:\/\/www.stop-fracking-kiel.de\/wordpress\/?p=425' class='excerpt-more'>[&#8230;]<\/a><\/p>\n","protected":false},"author":1,"featured_media":0,"comment_status":"closed","ping_status":"closed","sticky":false,"template":"","format":"standard","meta":{"footnotes":""},"categories":[3],"tags":[],"class_list":["post-425","post","type-post","status-publish","format-standard","hentry","category-veranstaltung","category-3-id","post-seq-1","post-parity-odd","meta-position-corners","fix"],"_links":{"self":[{"href":"http:\/\/www.stop-fracking-kiel.de\/wordpress\/index.php?rest_route=\/wp\/v2\/posts\/425","targetHints":{"allow":["GET"]}}],"collection":[{"href":"http:\/\/www.stop-fracking-kiel.de\/wordpress\/index.php?rest_route=\/wp\/v2\/posts"}],"about":[{"href":"http:\/\/www.stop-fracking-kiel.de\/wordpress\/index.php?rest_route=\/wp\/v2\/types\/post"}],"author":[{"embeddable":true,"href":"http:\/\/www.stop-fracking-kiel.de\/wordpress\/index.php?rest_route=\/wp\/v2\/users\/1"}],"replies":[{"embeddable":true,"href":"http:\/\/www.stop-fracking-kiel.de\/wordpress\/index.php?rest_route=%2Fwp%2Fv2%2Fcomments&post=425"}],"version-history":[{"count":4,"href":"http:\/\/www.stop-fracking-kiel.de\/wordpress\/index.php?rest_route=\/wp\/v2\/posts\/425\/revisions"}],"predecessor-version":[{"id":430,"href":"http:\/\/www.stop-fracking-kiel.de\/wordpress\/index.php?rest_route=\/wp\/v2\/posts\/425\/revisions\/430"}],"wp:attachment":[{"href":"http:\/\/www.stop-fracking-kiel.de\/wordpress\/index.php?rest_route=%2Fwp%2Fv2%2Fmedia&parent=425"}],"wp:term":[{"taxonomy":"category","embeddable":true,"href":"http:\/\/www.stop-fracking-kiel.de\/wordpress\/index.php?rest_route=%2Fwp%2Fv2%2Fcategories&post=425"},{"taxonomy":"post_tag","embeddable":true,"href":"http:\/\/www.stop-fracking-kiel.de\/wordpress\/index.php?rest_route=%2Fwp%2Fv2%2Ftags&post=425"}],"curies":[{"name":"wp","href":"https:\/\/api.w.org\/{rel}","templated":true}]}}