{"id":550,"date":"2019-07-11T15:05:52","date_gmt":"2019-07-11T15:05:52","guid":{"rendered":"http:\/\/www.stop-fracking-kiel.de\/wordpress\/?p=550"},"modified":"2019-08-28T15:09:24","modified_gmt":"2019-08-28T15:09:24","slug":"warum-volksbegehren","status":"publish","type":"post","link":"http:\/\/www.stop-fracking-kiel.de\/wordpress\/?p=550","title":{"rendered":"Warum ein Volksbegehren zum Schutz des Wassers ?"},"content":{"rendered":"<p><b>Warum ist das Volksbegehren wichtig?<\/b><\/p>\n<p>Im Bereich Wasserschutz will das Volksbegehren erreichen:<\/p>\n<ul>\n<li>besserer Schutz vor Verpressung wassergef\u00e4hrdenden Flowbacks bei \u00d6lbohrungen<\/li>\n<li>Zust\u00e4ndigkeit unserer Kreise f\u00fcr den Schutz des Wassers bei Bohrungen (bisher: nieders\u00e4chsisches Bergamt)<\/li>\n<li>sofortiger Bohrstopp bei unerwartetem Wasserfund<\/li>\n<li>Haftung von \u00d6lkonzernen f\u00fcr Sch\u00e4den<\/li>\n<\/ul>\n<p>Im Bereich Unternehmenstransparenz will das Volksbegehren erreichen:<\/p>\n<p>Schleswig-Holsteins Kommunen und Beh\u00f6rden soll es zuk\u00fcnftig rechtssicher erlaubt sein, im \u00fcberwiegenden \u00f6ffentlichen Interesse auch ohne konkrete Anfrage Informationen beispielsweise der folgenden Art weiterzugeben oder zu ver\u00f6ffentlichen, die bisher als \u201eGesch\u00e4ftsgeheimnisse\u201c geheim gehalten werden:<\/p>\n<ul>\n<li>Beantragte \u00d6lbohrungen einschlie\u00dflich des betroffenen Gebiets und des beabsichtigten Einsatzes der Fracking-Methode<\/li>\n<\/ul>\n<ul>\n<li>Meldung gelagerter bzw. gef\u00f6rderter Gefahrenstoffe an Kommunen, Rettungsdienste, Krankenh\u00e4user und Feuerwehren zur Vorbereitung auf Katastrophenf\u00e4lle<\/li>\n<\/ul>\n<ul>\n<li>Ver\u00f6ffentlichung mutma\u00dflicher Korruptionsf\u00e4lle bei Baugenehmigungen, Grundst\u00fccksverk\u00e4ufen oder Auftragsvergaben<\/li>\n<\/ul>\n<p>Die Koalition ist bisher in diesen Punkten \u00fcber Versprechungen nicht hinaus gekommen!<\/p>\n<p>Wir ben\u00f6tigen 80.000 Unterschriften von Wahlberechtigten aus Schleswig-Holstein innerhalb von 6 Monaten im Zeitraum vom 02.09.2019 \u2013 02.03.2020. Die Unterschriften k\u00f6nnen sowohl auf \u00c4mtern und Rath\u00e4usern abgegeben, als auch von uns an anderen Stellen und auf der Stra\u00dfe gesammelt werden. Der Vordruck kann auch aus dem Internet unter <a href=\"https:\/\/vi-wasser.de\/\">https:\/\/vi-wasser.de\/<\/a> heruntergeladen, zweiseitig ausgedruckt, ausgef\u00fcllt und an die angegebene Adresse geschickt werden.<\/p>\n<p>Weitere Informationen unter: <a href=\"https:\/\/vi-wasser.de\/\">https:\/\/vi-wasser.de\/<\/a><\/p>\n","protected":false},"excerpt":{"rendered":"<p>Warum ist das Volksbegehren wichtig? Im Bereich Wasserschutz will das Volksbegehren erreichen: besserer Schutz vor Verpressung wassergef\u00e4hrdenden Flowbacks bei \u00d6lbohrungen Zust\u00e4ndigkeit unserer Kreise f\u00fcr den Schutz des Wassers bei Bohrungen (bisher: nieders\u00e4chsisches Bergamt) sofortiger Bohrstopp bei unerwartetem Wasserfund Haftung von \u00d6lkonzernen f\u00fcr Sch\u00e4den Im Bereich Unternehmenstransparenz will das Volksbegehren erreichen: Schleswig-Holsteins Kommunen und Beh\u00f6rden soll <a href='http:\/\/www.stop-fracking-kiel.de\/wordpress\/?p=550' class='excerpt-more'>[&#8230;]<\/a><\/p>\n","protected":false},"author":1,"featured_media":0,"comment_status":"closed","ping_status":"closed","sticky":false,"template":"","format":"standard","meta":{"footnotes":""},"categories":[1],"tags":[],"class_list":["post-550","post","type-post","status-publish","format-standard","hentry","category-allgemein","category-1-id","post-seq-1","post-parity-odd","meta-position-corners","fix"],"_links":{"self":[{"href":"http:\/\/www.stop-fracking-kiel.de\/wordpress\/index.php?rest_route=\/wp\/v2\/posts\/550","targetHints":{"allow":["GET"]}}],"collection":[{"href":"http:\/\/www.stop-fracking-kiel.de\/wordpress\/index.php?rest_route=\/wp\/v2\/posts"}],"about":[{"href":"http:\/\/www.stop-fracking-kiel.de\/wordpress\/index.php?rest_route=\/wp\/v2\/types\/post"}],"author":[{"embeddable":true,"href":"http:\/\/www.stop-fracking-kiel.de\/wordpress\/index.php?rest_route=\/wp\/v2\/users\/1"}],"replies":[{"embeddable":true,"href":"http:\/\/www.stop-fracking-kiel.de\/wordpress\/index.php?rest_route=%2Fwp%2Fv2%2Fcomments&post=550"}],"version-history":[{"count":2,"href":"http:\/\/www.stop-fracking-kiel.de\/wordpress\/index.php?rest_route=\/wp\/v2\/posts\/550\/revisions"}],"predecessor-version":[{"id":552,"href":"http:\/\/www.stop-fracking-kiel.de\/wordpress\/index.php?rest_route=\/wp\/v2\/posts\/550\/revisions\/552"}],"wp:attachment":[{"href":"http:\/\/www.stop-fracking-kiel.de\/wordpress\/index.php?rest_route=%2Fwp%2Fv2%2Fmedia&parent=550"}],"wp:term":[{"taxonomy":"category","embeddable":true,"href":"http:\/\/www.stop-fracking-kiel.de\/wordpress\/index.php?rest_route=%2Fwp%2Fv2%2Fcategories&post=550"},{"taxonomy":"post_tag","embeddable":true,"href":"http:\/\/www.stop-fracking-kiel.de\/wordpress\/index.php?rest_route=%2Fwp%2Fv2%2Ftags&post=550"}],"curies":[{"name":"wp","href":"https:\/\/api.w.org\/{rel}","templated":true}]}}