{"id":553,"date":"2019-08-28T15:15:14","date_gmt":"2019-08-28T15:15:14","guid":{"rendered":"http:\/\/www.stop-fracking-kiel.de\/wordpress\/?p=553"},"modified":"2019-09-04T10:58:27","modified_gmt":"2019-09-04T10:58:27","slug":"volksbegehren-startet-am-2-september","status":"publish","type":"post","link":"http:\/\/www.stop-fracking-kiel.de\/wordpress\/?p=553","title":{"rendered":"Volksbegehren startet am 2. September"},"content":{"rendered":"<p><a href=\"http:\/\/www.stop-fracking-kiel.de\/wordpress\/wp-content\/uploads\/2019\/08\/Logo_Volksbegehren_Wasser.jpg\" rel=\"attachment wp-att-554\"><img loading=\"lazy\" decoding=\"async\" class=\"alignright size-full wp-image-554\" src=\"http:\/\/www.stop-fracking-kiel.de\/wordpress\/wp-content\/uploads\/2019\/08\/Logo_Volksbegehren_Wasser.jpg\" alt=\"Logo_Volksbegehren_Wasser\" width=\"800\" height=\"273\" srcset=\"http:\/\/www.stop-fracking-kiel.de\/wordpress\/wp-content\/uploads\/2019\/08\/Logo_Volksbegehren_Wasser.jpg 800w, http:\/\/www.stop-fracking-kiel.de\/wordpress\/wp-content\/uploads\/2019\/08\/Logo_Volksbegehren_Wasser-300x102.jpg 300w, http:\/\/www.stop-fracking-kiel.de\/wordpress\/wp-content\/uploads\/2019\/08\/Logo_Volksbegehren_Wasser-768x262.jpg 768w\" sizes=\"auto, (max-width: 800px) 100vw, 800px\" \/><\/a><\/p>\n<p>Am 2. September startet ein breites B\u00fcndnis das Volksbegehren zum Schutz des Wassers \u2013 das erste Volksbegehren in Schleswig-Holstein seit 10 Jahren. Ziel ist ein besserer Schutz des Wassers vor den Risiken der Gas- und \u00d6lf\u00f6rderung sowie mehr Transparenz durch Aufdeckung von Gefahren.<\/p>\n<p><strong>Zum Auftakt und zur Vorstellung des Volksbegehrens laden wir Sie herzlich zum Kieler Landeshaus ein:<\/strong><\/p>\n<p>Um<strong> 9.30 Uhr wird vor dem Landeshaus<\/strong> eine Kundgebung mit Gelegenheit f\u00fcr Bildaufnahmen stattfinden. Fotomotive sind u.a. ein Omnibus, ein Banner und Plakate f\u00fcr das Volksbegehren.<\/p>\n<p>Um <strong>10.00 Uhr wird im Presseraum des Landeshauses<\/strong> (Raum 395) eine Pressekonferenz stattfinden.<\/p>\n<p>Hinter dem Volksbegehren steht ein B\u00fcndnis von rund 20 ganz unterschiedlichen Organisationen und Initiativen wie der BUND, die B\u00fcrgerinitiative gegen CO2-Endlager, die Schutzstation Wattenmeer, die Piratenpartei, die SPD und der SSW. Die Initiatoren hatten bereits in einer Volksinitiative 42.000 Unterschriften f\u00fcr ihr Anliegen gesammelt. Der Landtag hat die geforderten Gesetzes\u00e4nderungen bis auf eine Ausnahme zwar als zul\u00e4ssig anerkannt, aber die Forderungen nicht erf\u00fcllt. Deshalb startet jetzt das Volksbegehren: Dabei m\u00fcssen in der Frist vom 2. September bis 2. M\u00e4rz 2020 mindestens 80.000 g\u00fcltige Unterst\u00fctzerunterschriften geleistet werden. Gelingt dies, kommt es zum Volksentscheid.<\/p>\n<p>Weitere Informationen unter: <a href=\"https:\/\/www.vi-wasser.de\" target=\"_blank\">https:\/\/www.vi-wasser.de<\/a><\/p>\n<p>DAS VOLKSBEGEHREN STARTET MIT PLAKATEN: SIEHE WEITERLESEN<\/p>\n<p><!--more--><\/p>\n<p><a href=\"http:\/\/www.stop-fracking-kiel.de\/wordpress\/wp-content\/uploads\/2019\/08\/1_X3_Plakat_A1_Wasser_web.jpg\" rel=\"attachment wp-att-557\"><img loading=\"lazy\" decoding=\"async\" class=\"alignright size-full wp-image-557\" src=\"http:\/\/www.stop-fracking-kiel.de\/wordpress\/wp-content\/uploads\/2019\/08\/1_X3_Plakat_A1_Wasser_web.jpg\" alt=\"1_X3_Plakat_A1_Wasser_web\" width=\"600\" height=\"842\" srcset=\"http:\/\/www.stop-fracking-kiel.de\/wordpress\/wp-content\/uploads\/2019\/08\/1_X3_Plakat_A1_Wasser_web.jpg 600w, http:\/\/www.stop-fracking-kiel.de\/wordpress\/wp-content\/uploads\/2019\/08\/1_X3_Plakat_A1_Wasser_web-214x300.jpg 214w\" sizes=\"auto, (max-width: 600px) 100vw, 600px\" \/><\/a> <a href=\"http:\/\/www.stop-fracking-kiel.de\/wordpress\/wp-content\/uploads\/2019\/08\/3_X3_Plakat_A1_Wasser_web.jpg\" rel=\"attachment wp-att-559\"><img loading=\"lazy\" decoding=\"async\" class=\"alignright size-full wp-image-559\" src=\"http:\/\/www.stop-fracking-kiel.de\/wordpress\/wp-content\/uploads\/2019\/08\/3_X3_Plakat_A1_Wasser_web.jpg\" alt=\"3_X3_Plakat_A1_Wasser_web\" width=\"600\" height=\"842\" srcset=\"http:\/\/www.stop-fracking-kiel.de\/wordpress\/wp-content\/uploads\/2019\/08\/3_X3_Plakat_A1_Wasser_web.jpg 600w, http:\/\/www.stop-fracking-kiel.de\/wordpress\/wp-content\/uploads\/2019\/08\/3_X3_Plakat_A1_Wasser_web-214x300.jpg 214w\" sizes=\"auto, (max-width: 600px) 100vw, 600px\" \/><\/a> <a href=\"http:\/\/www.stop-fracking-kiel.de\/wordpress\/wp-content\/uploads\/2019\/08\/4_X3_Plakat_A1_Wasser_web.jpg\" rel=\"attachment wp-att-560\"><img loading=\"lazy\" decoding=\"async\" class=\"alignright size-full wp-image-560\" src=\"http:\/\/www.stop-fracking-kiel.de\/wordpress\/wp-content\/uploads\/2019\/08\/4_X3_Plakat_A1_Wasser_web.jpg\" alt=\"4_X3_Plakat_A1_Wasser_web\" width=\"600\" height=\"842\" srcset=\"http:\/\/www.stop-fracking-kiel.de\/wordpress\/wp-content\/uploads\/2019\/08\/4_X3_Plakat_A1_Wasser_web.jpg 600w, http:\/\/www.stop-fracking-kiel.de\/wordpress\/wp-content\/uploads\/2019\/08\/4_X3_Plakat_A1_Wasser_web-214x300.jpg 214w\" sizes=\"auto, (max-width: 600px) 100vw, 600px\" \/><\/a> <a href=\"http:\/\/www.stop-fracking-kiel.de\/wordpress\/wp-content\/uploads\/2019\/08\/5_X3_Plakat_A1_Wasser_web.jpg\" rel=\"attachment wp-att-561\"><img loading=\"lazy\" decoding=\"async\" class=\"alignright size-full wp-image-561\" src=\"http:\/\/www.stop-fracking-kiel.de\/wordpress\/wp-content\/uploads\/2019\/08\/5_X3_Plakat_A1_Wasser_web.jpg\" alt=\"5_X3_Plakat_A1_Wasser_web\" width=\"600\" height=\"842\" srcset=\"http:\/\/www.stop-fracking-kiel.de\/wordpress\/wp-content\/uploads\/2019\/08\/5_X3_Plakat_A1_Wasser_web.jpg 600w, http:\/\/www.stop-fracking-kiel.de\/wordpress\/wp-content\/uploads\/2019\/08\/5_X3_Plakat_A1_Wasser_web-214x300.jpg 214w\" sizes=\"auto, (max-width: 600px) 100vw, 600px\" \/><\/a> <a href=\"http:\/\/www.stop-fracking-kiel.de\/wordpress\/wp-content\/uploads\/2019\/08\/6_X3_Plakat_A1_Wasser_web.jpg\" rel=\"attachment wp-att-562\"><img loading=\"lazy\" decoding=\"async\" class=\"alignright size-full wp-image-562\" src=\"http:\/\/www.stop-fracking-kiel.de\/wordpress\/wp-content\/uploads\/2019\/08\/6_X3_Plakat_A1_Wasser_web.jpg\" alt=\"6_X3_Plakat_A1_Wasser_web\" width=\"600\" height=\"842\" srcset=\"http:\/\/www.stop-fracking-kiel.de\/wordpress\/wp-content\/uploads\/2019\/08\/6_X3_Plakat_A1_Wasser_web.jpg 600w, http:\/\/www.stop-fracking-kiel.de\/wordpress\/wp-content\/uploads\/2019\/08\/6_X3_Plakat_A1_Wasser_web-214x300.jpg 214w\" sizes=\"auto, (max-width: 600px) 100vw, 600px\" \/><\/a> <a href=\"http:\/\/www.stop-fracking-kiel.de\/wordpress\/wp-content\/uploads\/2019\/08\/7_X3_Plakat_A1_Wasser_web.jpg\" rel=\"attachment wp-att-563\"><img loading=\"lazy\" decoding=\"async\" class=\"alignright size-full wp-image-563\" src=\"http:\/\/www.stop-fracking-kiel.de\/wordpress\/wp-content\/uploads\/2019\/08\/7_X3_Plakat_A1_Wasser_web.jpg\" alt=\"7_X3_Plakat_A1_Wasser_web\" width=\"600\" height=\"842\" srcset=\"http:\/\/www.stop-fracking-kiel.de\/wordpress\/wp-content\/uploads\/2019\/08\/7_X3_Plakat_A1_Wasser_web.jpg 600w, http:\/\/www.stop-fracking-kiel.de\/wordpress\/wp-content\/uploads\/2019\/08\/7_X3_Plakat_A1_Wasser_web-214x300.jpg 214w\" sizes=\"auto, (max-width: 600px) 100vw, 600px\" \/><\/a><\/p>\n","protected":false},"excerpt":{"rendered":"<p>Am 2. September startet ein breites B\u00fcndnis das Volksbegehren zum Schutz des Wassers \u2013 das erste Volksbegehren in Schleswig-Holstein seit 10 Jahren. Ziel ist ein besserer Schutz des Wassers vor den Risiken der Gas- und \u00d6lf\u00f6rderung sowie mehr Transparenz durch Aufdeckung von Gefahren. Zum Auftakt und zur Vorstellung des Volksbegehrens laden wir Sie herzlich zum <a href='http:\/\/www.stop-fracking-kiel.de\/wordpress\/?p=553' class='excerpt-more'>[&#8230;]<\/a><\/p>\n","protected":false},"author":1,"featured_media":0,"comment_status":"closed","ping_status":"closed","sticky":false,"template":"","format":"standard","meta":{"footnotes":""},"categories":[1],"tags":[],"class_list":["post-553","post","type-post","status-publish","format-standard","hentry","category-allgemein","category-1-id","post-seq-1","post-parity-odd","meta-position-corners","fix"],"_links":{"self":[{"href":"http:\/\/www.stop-fracking-kiel.de\/wordpress\/index.php?rest_route=\/wp\/v2\/posts\/553","targetHints":{"allow":["GET"]}}],"collection":[{"href":"http:\/\/www.stop-fracking-kiel.de\/wordpress\/index.php?rest_route=\/wp\/v2\/posts"}],"about":[{"href":"http:\/\/www.stop-fracking-kiel.de\/wordpress\/index.php?rest_route=\/wp\/v2\/types\/post"}],"author":[{"embeddable":true,"href":"http:\/\/www.stop-fracking-kiel.de\/wordpress\/index.php?rest_route=\/wp\/v2\/users\/1"}],"replies":[{"embeddable":true,"href":"http:\/\/www.stop-fracking-kiel.de\/wordpress\/index.php?rest_route=%2Fwp%2Fv2%2Fcomments&post=553"}],"version-history":[{"count":4,"href":"http:\/\/www.stop-fracking-kiel.de\/wordpress\/index.php?rest_route=\/wp\/v2\/posts\/553\/revisions"}],"predecessor-version":[{"id":565,"href":"http:\/\/www.stop-fracking-kiel.de\/wordpress\/index.php?rest_route=\/wp\/v2\/posts\/553\/revisions\/565"}],"wp:attachment":[{"href":"http:\/\/www.stop-fracking-kiel.de\/wordpress\/index.php?rest_route=%2Fwp%2Fv2%2Fmedia&parent=553"}],"wp:term":[{"taxonomy":"category","embeddable":true,"href":"http:\/\/www.stop-fracking-kiel.de\/wordpress\/index.php?rest_route=%2Fwp%2Fv2%2Fcategories&post=553"},{"taxonomy":"post_tag","embeddable":true,"href":"http:\/\/www.stop-fracking-kiel.de\/wordpress\/index.php?rest_route=%2Fwp%2Fv2%2Ftags&post=553"}],"curies":[{"name":"wp","href":"https:\/\/api.w.org\/{rel}","templated":true}]}}