{"id":567,"date":"2019-09-21T13:33:38","date_gmt":"2019-09-21T13:33:38","guid":{"rendered":"http:\/\/www.stop-fracking-kiel.de\/wordpress\/?p=567"},"modified":"2020-01-02T13:48:27","modified_gmt":"2020-01-02T13:48:27","slug":"volksbegehren-zum-schutz-des-wassers-gestartet","status":"publish","type":"post","link":"http:\/\/www.stop-fracking-kiel.de\/wordpress\/?p=567","title":{"rendered":"Volksbegehren zum Schutz des Wassers gestartet"},"content":{"rendered":"<p>&nbsp;<\/p>\n<p><img loading=\"lazy\" decoding=\"async\" class=\" wp-image-569 alignleft\" src=\"http:\/\/www.stop-fracking-kiel.de\/wordpress\/wp-content\/uploads\/2019\/09\/start_volksbegehren_2.9.2019.jpg\" alt=\"start_volksbegehren_2.9.2019\" width=\"628\" height=\"331\" srcset=\"http:\/\/www.stop-fracking-kiel.de\/wordpress\/wp-content\/uploads\/2019\/09\/start_volksbegehren_2.9.2019.jpg 579w, http:\/\/www.stop-fracking-kiel.de\/wordpress\/wp-content\/uploads\/2019\/09\/start_volksbegehren_2.9.2019-300x158.jpg 300w\" sizes=\"auto, (max-width: 628px) 100vw, 628px\" \/><\/p>\n<p><strong>Am \u00a0Montag, den 02. September ist in Kiel das Volksbegehren mit gro\u00dfem Schwung und viel Medienresonanz gestartet. Auf der Landespressekonferenz wurde wieder deutlich, dass das Bem\u00fchen der Politik, wirtschaftlichen Einzelinteressen den Weg freizur\u00e4umen, oft zur Zerst\u00f6rung unserer Lebenszusammenh\u00e4nge f\u00fchrt. Fracking f\u00fcr ein wenig Gas, oder \u00d6lbohrungen durch Wasservorkommen hindurch, geht gar nicht. Das Ziel der Zukunft ist, den Verbrauch fossiler Brennstoffe in gro\u00dfem Umfang zu reduzieren.<\/strong><\/p>\n<p>Mehr Informationen: <a href=\"https:\/\/www.vi-wasser.de\" target=\"_blank\">www.vi-wasser.de<\/a><\/p>\n<p><a href=\"http:\/\/www.omnibus.org\/projekte\/volksbegehren-zum-schutz-des-wassers\" target=\"_blank\">www.omnibus.org\/projekte\/volksbegehren-zum-schutz-des-wassers<\/a><\/p>\n<p><b>Der OMNIBUS legte mit einem fulminanten Ergebnis los.<\/b><\/p>\n<p>So viele Unterschriften hat der OMNIBUS noch nie in so kurzer Zeit gesammelt wie in Kiel. Seit Montag haben sich 1.375 B\u00fcrgerinnen und B\u00fcrger eingetragen und f\u00fcr einen Volksentscheid im n\u00e4chsten Jahr ausgesprochen. Das macht \u00fcberdeutlich, wie sehr den Menschen das Thema am Herzen liegt.<\/p>\n<p><b>Unser \u201eRathausfinder\u201c f\u00fcr Schleswig-Holstein ist am Start<\/b><\/p>\n<p>Dabei sein und unterschreiben ist jetzt ganz einfach. Wir haben eine M\u00f6glichkeit entwickelt, wie man Eintragungsstellen f\u00fcr das Volksbegehren in seiner N\u00e4he finden kann. Nicht nur die offiziellen Stellen wie Rath\u00e4user oder B\u00fcrger\u00e4mter, sondern auch alle weiteren M\u00f6glichkeiten, wie Biol\u00e4den, Buchhandlungen, Copyshops etc. findet man hier. Man muss nicht mehr zuf\u00e4llig Sammlerinnen oder Sammler auf der Stra\u00dfe treffen, sondern man kann sich gezielt aufmachen und das Volksbegehren unterst\u00fctzen. Alle \u00c4mter und Gemeinden m\u00fcssen Unterschriftenlisten \u00f6ffentlich bereithalten<\/p>\n<p>Hier finden Sie Eintragungsstellen in Ihrer N\u00e4he:<\/p>\n<p>Rathausfinder Schleswig-Holstein: <a href=\"https:\/\/www.rathausfinder.de\/1204\/search\/\" target=\"_blank\">https:\/\/www.rathausfinder.de\/1204\/search\/<\/a><\/p>\n<p>Von 02.09.2019. bis 02.03.2020 m\u00fcssen 80.000 Unterschriften gesammelt werden, damit endlich ein Volksentscheid \u00fcber die Verbesserung von Wasserschutz und Transparenz im Bereich von \u00d6lbohrungen stattfinden kann!<\/p>\n<p><b>21.09.2019: 5.587 Unterschriften vom OMNIBUS gesammelt!<\/b><\/p>\n<p>In weniger als drei Wochen haben Werner K\u00fcppers und sein OMNIBUS-Team 5587 Unterschriften f\u00fcr das Volksbegehren zum Schutz des Wassers gesammelt. Wir freuen uns sehr \u00fcber dieses tolle Ergebnis und werden die Initiatoren weiterhin eng begleiten auf ihrem Weg zu \u00fcber 80.000 Unterschriften bis zum 02.03.2020.<\/p>\n<p>Gro\u00dfe Unterst\u00fctzung f\u00fcr das Volksbegehren zum Schutz des Wassers gab es auch auf der<strong> Fridays-for-Future-Demonstration<\/strong> am 20.9.2019 in Kiel und auf dem <strong>Klimacamp am 22.9. an der Kiellinie<\/strong>, die von der BI Klimanotstand Kiel mit Unterst\u00fctzung der Stadt Kiel organisiert wurde. Unsere Aktivisten konnten an 2 Tagen mind. <strong>2.500 Unterschriften<\/strong> sammeln.<\/p>\n<p><!--more--><\/p>\n<p><b>WARUM IST DAS VOLKSBEGEHREN WICHTIG?<\/b><\/p>\n<p>Im Bereich Wasserschutz will das Volksbegehren erreichen:<\/p>\n<p>\u2022 besserer Schutz vor Verpressung wassergef\u00e4hrdenden Flowbacks bei \u00d6lbohrungen<\/p>\n<p>\u2022 Zust\u00e4ndigkeit unserer Kreise f\u00fcr den Schutz des Wassers bei Bohrungen (bisher: nieders\u00e4chsisches Bergamt)<\/p>\n<p>\u2022 sofortiger Bohrstopp bei unerwartetem Wasserfund<\/p>\n<p>\u2022 Haftung von \u00d6lkonzernen f\u00fcr Sch\u00e4den<\/p>\n<p>Im Bereich Unternehmenstransparenz will das Volksbegehren erreichen: Schleswig-Holsteins Kommunen und Beh\u00f6rden soll es zuk\u00fcnftig rechtssicher erlaubt sein, im \u00fcberwiegenden \u00f6ffentlichen Interesse auch ohne konkrete Anfrage Informationen beispielsweise der folgenden Art weiterzugeben oder zu ver\u00f6ffentlichen, die bisher als \u201eGesch\u00e4ftsgeheimnisse\u201c geheim gehalten werden:<\/p>\n<p>\u2022 Beantragte \u00d6lbohrungen einschlie\u00dflich des betroffenen Gebiets und des beabsichtigten Einsatzes der Fracking-Methode<\/p>\n<p>\u2022 Meldung gelagerter bzw. gef\u00f6rderter Gefahrenstoffe an Kommunen, Rettungsdienste, Krankenh\u00e4user und Feuerwehren zur Vorbereitung auf Katastrophenf\u00e4lle<\/p>\n<p>\u2022 Ver\u00f6ffentlichung mutma\u00dflicher Korruptionsf\u00e4lle bei Baugenehmigungen, Grundst\u00fccksverk\u00e4ufen oder Auftragsvergaben<\/p>\n<p><b>Aktuelle Infos\u00a0<\/b><b>und Unterschriftenlisten:\u00a0<\/b><b>www.vi-wasser.de<\/b><\/p>\n","protected":false},"excerpt":{"rendered":"<p>&nbsp; Am \u00a0Montag, den 02. September ist in Kiel das Volksbegehren mit gro\u00dfem Schwung und viel Medienresonanz gestartet. Auf der Landespressekonferenz wurde wieder deutlich, dass das Bem\u00fchen der Politik, wirtschaftlichen Einzelinteressen den Weg freizur\u00e4umen, oft zur Zerst\u00f6rung unserer Lebenszusammenh\u00e4nge f\u00fchrt. Fracking f\u00fcr ein wenig Gas, oder \u00d6lbohrungen durch Wasservorkommen hindurch, geht gar nicht. Das Ziel <a href='http:\/\/www.stop-fracking-kiel.de\/wordpress\/?p=567' class='excerpt-more'>[&#8230;]<\/a><\/p>\n","protected":false},"author":1,"featured_media":0,"comment_status":"closed","ping_status":"closed","sticky":false,"template":"","format":"standard","meta":{"footnotes":""},"categories":[1],"tags":[14],"class_list":["post-567","post","type-post","status-publish","format-standard","hentry","category-allgemein","tag-volksbegehren","category-1-id","post-seq-1","post-parity-odd","meta-position-corners","fix"],"_links":{"self":[{"href":"http:\/\/www.stop-fracking-kiel.de\/wordpress\/index.php?rest_route=\/wp\/v2\/posts\/567","targetHints":{"allow":["GET"]}}],"collection":[{"href":"http:\/\/www.stop-fracking-kiel.de\/wordpress\/index.php?rest_route=\/wp\/v2\/posts"}],"about":[{"href":"http:\/\/www.stop-fracking-kiel.de\/wordpress\/index.php?rest_route=\/wp\/v2\/types\/post"}],"author":[{"embeddable":true,"href":"http:\/\/www.stop-fracking-kiel.de\/wordpress\/index.php?rest_route=\/wp\/v2\/users\/1"}],"replies":[{"embeddable":true,"href":"http:\/\/www.stop-fracking-kiel.de\/wordpress\/index.php?rest_route=%2Fwp%2Fv2%2Fcomments&post=567"}],"version-history":[{"count":4,"href":"http:\/\/www.stop-fracking-kiel.de\/wordpress\/index.php?rest_route=\/wp\/v2\/posts\/567\/revisions"}],"predecessor-version":[{"id":572,"href":"http:\/\/www.stop-fracking-kiel.de\/wordpress\/index.php?rest_route=\/wp\/v2\/posts\/567\/revisions\/572"}],"wp:attachment":[{"href":"http:\/\/www.stop-fracking-kiel.de\/wordpress\/index.php?rest_route=%2Fwp%2Fv2%2Fmedia&parent=567"}],"wp:term":[{"taxonomy":"category","embeddable":true,"href":"http:\/\/www.stop-fracking-kiel.de\/wordpress\/index.php?rest_route=%2Fwp%2Fv2%2Fcategories&post=567"},{"taxonomy":"post_tag","embeddable":true,"href":"http:\/\/www.stop-fracking-kiel.de\/wordpress\/index.php?rest_route=%2Fwp%2Fv2%2Ftags&post=567"}],"curies":[{"name":"wp","href":"https:\/\/api.w.org\/{rel}","templated":true}]}}