{"id":573,"date":"2019-11-13T13:49:14","date_gmt":"2019-11-13T13:49:14","guid":{"rendered":"http:\/\/www.stop-fracking-kiel.de\/wordpress\/?p=573"},"modified":"2020-01-02T13:54:51","modified_gmt":"2020-01-02T13:54:51","slug":"teil-erfolg-des-volksbegehrens","status":"publish","type":"post","link":"http:\/\/www.stop-fracking-kiel.de\/wordpress\/?p=573","title":{"rendered":"Teilerfolg des Volksbegehrens"},"content":{"rendered":"<div class=\"PlainText\">\n<p><strong>Volksbegehren: Wasser wird gesch\u00fctzt, Transparenz steht aus<\/strong><\/p>\n<p>Die Volksinitiative zum Schutz des Wassers begr\u00fc\u00dft die teilweise<br \/>\nUmsetzung ihrer Forderungen am heutigen Tag als gro\u00dfen Erfolg aller<br \/>\nUnterzeichner\/innen und appelliert an alle Landtagsfraktionen, bei der<br \/>\nUmsetzung des noch verbleibenden Teils an einem Strang zu ziehen.<\/p>\n<p>Wie mit dem aktuell laufenden Volksbegehren gefordert hat der Landtag<br \/>\n<span class=\"cmp_parsed_date\" data-cmp_parsed_date=\"2019-11-14\" data-ce-class=\"Dates\">heute<\/span> die Zust\u00e4ndigkeit der \u00f6rtlichen Wasserbeh\u00f6rden gest\u00e4rkt, die<br \/>\nHaftung von \u00d6lkonzernen f\u00fcr Sch\u00e4den versch\u00e4rft, Anordnungen der<br \/>\nWasserbeh\u00f6rden zur Beseitigung von Sch\u00e4den erm\u00f6glicht und einen<br \/>\nsofortigen Bohrstopp bei Wassergef\u00e4hrdung und unerwartetem Wasserfund<br \/>\nvorgeschrieben.[1]<\/p>\n<p>Die SPD hat erfreulicherweise angek\u00fcndigt, im Dezember auch die<br \/>\nUmsetzung des noch ausstehenden Punktes des Volksbegehrens zur<br \/>\nAbstimmung zu stellen[2]: Schleswig-Holsteins Kommunen und Beh\u00f6rden<br \/>\nsollen k\u00fcnftig im \u00fcberwiegenden \u00f6ffentlichen Interesse auch ohne<br \/>\nkonkrete Anfrage rechtssicher Informationen weitergeben oder<br \/>\nver\u00f6ffentlichen d\u00fcrfen, die bisher als \u201eGesch\u00e4ftsgeheimnisse\u201c geheim<br \/>\ngehalten werden m\u00fcssen.<\/p>\n<p>&#8222;Zum Schutz von Leben und Gesundheit in Katastrophenf\u00e4llen m\u00fcssen<br \/>\nKommunen, Rettungsdienste, Krankenh\u00e4user und Feuerwehren von<br \/>\nBergbaukonzernen gelagerte oder gef\u00f6rderte Gefahrenstoffe kennen&#8220;,<br \/>\nerkl\u00e4rt Vertrauensperson Reinhard Knof. &#8222;Niemand muss deswegen eine &#8218;Gef\u00e4hrdung des\u00a0Wirtschaftsstandorts&#8216; bef\u00fcrchten, denn schon <span class=\"cmp_parsed_date\" data-cmp_parsed_date=\"2019-11-14\" data-ce-class=\"Dates\">heute<\/span> hat jede Beh\u00f6rde im<br \/>\n\u00fcberwiegenden \u00f6ffentlichen Interesse auf Antrag<br \/>\nUnternehmensinformationen herauszugeben. Gerade in Eil- und<br \/>\nKatastrophenf\u00e4llen muss eine Weitergabe k\u00fcnftig aber auch ohne<br \/>\nlangwieriges Antragsverfahren m\u00f6glich werden. Gesch\u00e4ftsinteressen d\u00fcrfen<br \/>\nnicht l\u00e4nger vor den Schutz von Leben und Gesundheit in Katastrophenf\u00e4llen<br \/>\ngestellt werden!&#8220;<\/p>\n<p>Die Volksinitiative ruft alle Schleswig-Holsteinerinnen und Schleswig-Holsteiner<br \/>\nzur Unterzeichnung des Volksbegehrens auf.[3] Die B\u00fcrger in Schleswig-Holstein k\u00f6nnen jetzt dar\u00fcber entscheiden, ob ihnen Ihr Leben und ihre Gesundheit wichtiger sind, als Betriebs- und Gesch\u00e4ftsgeheimnisse. Sie m\u00fcssen nur in das n\u00e4chste Rathaus oder Amt gehen und f\u00fcr das Volksbegehren unterschreiben.<\/p>\n<\/div>\n<div class=\"PlainText\">[1] Gesetzesbeschluss:<br \/>\n<a class=\"cmp_parsed_url\" href=\"http:\/\/www.landtag.ltsh.de\/infothek\/wahl19\/drucks\/01700\/drucksache-19-01763.pdf\" target=\"_blank\">http:\/\/www.landtag.ltsh.de\/infothek\/wahl19\/drucks\/01700\/drucksache-19-01763.pdf<\/a><br \/>\n[2] SPD-Ank\u00fcndigung:<br \/>\n<a class=\"cmp_parsed_url\" href=\"http:\/\/www.landtag.ltsh.de\/presseticker\/2019-11-13-13-03-58-5743\/?tVon=&amp;tBis=&amp;paramSeite=50\" target=\"_blank\">http:\/\/www.landtag.ltsh.de\/presseticker\/2019-11-13-13-03-58-5743\/?tVon=&amp;tBis=\u00b6mSeite=50<\/a><br \/>\n[3] Homepage der Volksinitiative: <a class=\"cmp_parsed_url\" href=\"https:\/\/vi-wasser.de\" target=\"_blank\">https:\/\/vi-wasser.de<\/a><\/div>\n<div><\/div>\n","protected":false},"excerpt":{"rendered":"<p>Volksbegehren: Wasser wird gesch\u00fctzt, Transparenz steht aus Die Volksinitiative zum Schutz des Wassers begr\u00fc\u00dft die teilweise Umsetzung ihrer Forderungen am heutigen Tag als gro\u00dfen Erfolg aller Unterzeichner\/innen und appelliert an alle Landtagsfraktionen, bei der Umsetzung des noch verbleibenden Teils an einem Strang zu ziehen. Wie mit dem aktuell laufenden Volksbegehren gefordert hat der Landtag heute <a href='http:\/\/www.stop-fracking-kiel.de\/wordpress\/?p=573' class='excerpt-more'>[&#8230;]<\/a><\/p>\n","protected":false},"author":1,"featured_media":0,"comment_status":"closed","ping_status":"closed","sticky":false,"template":"","format":"standard","meta":{"footnotes":""},"categories":[1],"tags":[],"class_list":["post-573","post","type-post","status-publish","format-standard","hentry","category-allgemein","category-1-id","post-seq-1","post-parity-odd","meta-position-corners","fix"],"_links":{"self":[{"href":"http:\/\/www.stop-fracking-kiel.de\/wordpress\/index.php?rest_route=\/wp\/v2\/posts\/573","targetHints":{"allow":["GET"]}}],"collection":[{"href":"http:\/\/www.stop-fracking-kiel.de\/wordpress\/index.php?rest_route=\/wp\/v2\/posts"}],"about":[{"href":"http:\/\/www.stop-fracking-kiel.de\/wordpress\/index.php?rest_route=\/wp\/v2\/types\/post"}],"author":[{"embeddable":true,"href":"http:\/\/www.stop-fracking-kiel.de\/wordpress\/index.php?rest_route=\/wp\/v2\/users\/1"}],"replies":[{"embeddable":true,"href":"http:\/\/www.stop-fracking-kiel.de\/wordpress\/index.php?rest_route=%2Fwp%2Fv2%2Fcomments&post=573"}],"version-history":[{"count":2,"href":"http:\/\/www.stop-fracking-kiel.de\/wordpress\/index.php?rest_route=\/wp\/v2\/posts\/573\/revisions"}],"predecessor-version":[{"id":575,"href":"http:\/\/www.stop-fracking-kiel.de\/wordpress\/index.php?rest_route=\/wp\/v2\/posts\/573\/revisions\/575"}],"wp:attachment":[{"href":"http:\/\/www.stop-fracking-kiel.de\/wordpress\/index.php?rest_route=%2Fwp%2Fv2%2Fmedia&parent=573"}],"wp:term":[{"taxonomy":"category","embeddable":true,"href":"http:\/\/www.stop-fracking-kiel.de\/wordpress\/index.php?rest_route=%2Fwp%2Fv2%2Fcategories&post=573"},{"taxonomy":"post_tag","embeddable":true,"href":"http:\/\/www.stop-fracking-kiel.de\/wordpress\/index.php?rest_route=%2Fwp%2Fv2%2Ftags&post=573"}],"curies":[{"name":"wp","href":"https:\/\/api.w.org\/{rel}","templated":true}]}}